{"id":594,"date":"2018-10-18T21:16:41","date_gmt":"2018-10-18T21:16:41","guid":{"rendered":"http:\/\/wordpress-89239-751427.cloudwaysapps.com\/?p=594"},"modified":"2020-09-08T09:28:12","modified_gmt":"2020-09-08T07:28:12","slug":"heres-what-people-are-saying-about-rentals","status":"publish","type":"post","link":"https:\/\/www.apartments-meerzeit.de\/nl\/heres-what-people-are-saying-about-rentals\/","title":{"rendered":"Kinderpaket"},"content":{"rendered":"<p>Wir denken auch an die Kleinsten. Zus\u00e4tzlich zum Kinderbett inkl. Bettw\u00e4sche steht ein Hochstuhl und Kindergeschirr zur Verf\u00fcgung.<\/p>\n","protected":false},"excerpt":{"rendered":"<p>Wir denken auch an die Kleinsten. Zus\u00e4tzlich zum Kinderbett inkl. Bettw\u00e4sche steht ein Hochstuhl und Kindergeschirr zur Verf\u00fcgung.<\/p>\n","protected":false},"author":6,"featured_media":2047,"comment_status":"open","ping_status":"open","sticky":false,"template":"","format":"standard","meta":{"footnotes":""},"categories":[77],"tags":[8,9,10,11,12],"acf":[],"yoast_head":"<!-- This site is optimized with the Yoast SEO plugin v21.5 - https:\/\/yoast.com\/wordpress\/plugins\/seo\/ -->\n<title>Kinderpaket | Apartments Meerzeit<\/title>\n<meta name=\"robots\" content=\"index, follow, max-snippet:-1, max-image-preview:large, max-video-preview:-1\" \/>\n<link rel=\"canonical\" href=\"https:\/\/www.apartments-meerzeit.de\/nl\/heres-what-people-are-saying-about-rentals\/\" \/>\n<meta property=\"og:locale\" content=\"nl_NL\" \/>\n<meta property=\"og:type\" content=\"article\" \/>\n<meta property=\"og:title\" content=\"Kinderpaket | Apartments Meerzeit\" \/>\n<meta property=\"og:description\" content=\"Wir denken auch an die Kleinsten. Zus\u00e4tzlich zum Kinderbett inkl. Bettw\u00e4sche steht ein Hochstuhl und Kindergeschirr zur Verf\u00fcgung.\" \/>\n<meta property=\"og:url\" content=\"https:\/\/www.apartments-meerzeit.de\/heres-what-people-are-saying-about-rentals\/\" \/>\n<meta property=\"og:site_name\" content=\"Apartments Meerzeit\" \/>\n<meta property=\"article:published_time\" content=\"2018-10-18T21:16:41+00:00\" \/>\n<meta property=\"article:modified_time\" content=\"2020-09-08T07:28:12+00:00\" \/>\n<meta property=\"og:image\" content=\"https:\/\/www.apartments-meerzeit.de\/wp-content\/uploads\/2018\/10\/pexels-tatiana-syrikova-3933250-scaled.jpg\" \/>\n\t<meta property=\"og:image:width\" content=\"2560\" \/>\n\t<meta property=\"og:image:height\" content=\"1707\" \/>\n\t<meta property=\"og:image:type\" content=\"image\/jpeg\" \/>\n<meta name=\"author\" content=\"Christian Mertgen\" \/>\n<meta name=\"twitter:card\" content=\"summary_large_image\" \/>\n<meta name=\"twitter:label1\" content=\"Geschreven door\" \/>\n\t<meta name=\"twitter:data1\" content=\"Christian Mertgen\" \/>\n<script type=\"application\/ld+json\" class=\"yoast-schema-graph\">{\"@context\":\"https:\/\/schema.org\",\"@graph\":[{\"@type\":\"Article\",\"@id\":\"https:\/\/www.apartments-meerzeit.de\/heres-what-people-are-saying-about-rentals\/#article\",\"isPartOf\":{\"@id\":\"https:\/\/www.apartments-meerzeit.de\/heres-what-people-are-saying-about-rentals\/\"},\"author\":{\"name\":\"Christian Mertgen\",\"@id\":\"https:\/\/www.apartments-meerzeit.de\/#\/schema\/person\/ba64103099b7d629c9631c3552ded129\"},\"headline\":\"Kinderpaket\",\"datePublished\":\"2018-10-18T21:16:41+00:00\",\"dateModified\":\"2020-09-08T07:28:12+00:00\",\"mainEntityOfPage\":{\"@id\":\"https:\/\/www.apartments-meerzeit.de\/heres-what-people-are-saying-about-rentals\/\"},\"wordCount\":22,\"commentCount\":0,\"publisher\":{\"@id\":\"https:\/\/www.apartments-meerzeit.de\/#organization\"},\"keywords\":[\"Accomodations\",\"Booking\",\"Holidays\",\"Rentals\",\"Reservations\"],\"articleSection\":[\"Geen onderdeel van een categorie\"],\"inLanguage\":\"nl-NL\",\"potentialAction\":[{\"@type\":\"CommentAction\",\"name\":\"Comment\",\"target\":[\"https:\/\/www.apartments-meerzeit.de\/heres-what-people-are-saying-about-rentals\/#respond\"]}]},{\"@type\":\"WebPage\",\"@id\":\"https:\/\/www.apartments-meerzeit.de\/heres-what-people-are-saying-about-rentals\/\",\"url\":\"https:\/\/www.apartments-meerzeit.de\/heres-what-people-are-saying-about-rentals\/\",\"name\":\"Kinderpaket | Apartments Meerzeit\",\"isPartOf\":{\"@id\":\"https:\/\/www.apartments-meerzeit.de\/#website\"},\"datePublished\":\"2018-10-18T21:16:41+00:00\",\"dateModified\":\"2020-09-08T07:28:12+00:00\",\"breadcrumb\":{\"@id\":\"https:\/\/www.apartments-meerzeit.de\/heres-what-people-are-saying-about-rentals\/#breadcrumb\"},\"inLanguage\":\"nl-NL\",\"potentialAction\":[{\"@type\":\"ReadAction\",\"target\":[\"https:\/\/www.apartments-meerzeit.de\/heres-what-people-are-saying-about-rentals\/\"]}]},{\"@type\":\"BreadcrumbList\",\"@id\":\"https:\/\/www.apartments-meerzeit.de\/heres-what-people-are-saying-about-rentals\/#breadcrumb\",\"itemListElement\":[{\"@type\":\"ListItem\",\"position\":1,\"name\":\"Startseite\",\"item\":\"https:\/\/www.apartments-meerzeit.de\/nl\/\"},{\"@type\":\"ListItem\",\"position\":2,\"name\":\"Kinderpaket\"}]},{\"@type\":\"WebSite\",\"@id\":\"https:\/\/www.apartments-meerzeit.de\/#website\",\"url\":\"https:\/\/www.apartments-meerzeit.de\/\",\"name\":\"Apartments Meerzeit\",\"description\":\"Ferienwohnungen am Timmendorfer Strand\",\"publisher\":{\"@id\":\"https:\/\/www.apartments-meerzeit.de\/#organization\"},\"potentialAction\":[{\"@type\":\"SearchAction\",\"target\":{\"@type\":\"EntryPoint\",\"urlTemplate\":\"https:\/\/www.apartments-meerzeit.de\/?s={search_term_string}\"},\"query-input\":\"required name=search_term_string\"}],\"inLanguage\":\"nl-NL\"},{\"@type\":\"Organization\",\"@id\":\"https:\/\/www.apartments-meerzeit.de\/#organization\",\"name\":\"fewo timmendorfer strand\",\"url\":\"https:\/\/www.apartments-meerzeit.de\/\",\"logo\":{\"@type\":\"ImageObject\",\"inLanguage\":\"nl-NL\",\"@id\":\"https:\/\/www.apartments-meerzeit.de\/#\/schema\/logo\/image\/\",\"url\":\"https:\/\/www.apartments-meerzeit.de\/wp-content\/uploads\/2021\/04\/Ap-Mehrzeit-klein-transparent.png\",\"contentUrl\":\"https:\/\/www.apartments-meerzeit.de\/wp-content\/uploads\/2021\/04\/Ap-Mehrzeit-klein-transparent.png\",\"width\":208,\"height\":86,\"caption\":\"fewo timmendorfer strand\"},\"image\":{\"@id\":\"https:\/\/www.apartments-meerzeit.de\/#\/schema\/logo\/image\/\"}},{\"@type\":\"Person\",\"@id\":\"https:\/\/www.apartments-meerzeit.de\/#\/schema\/person\/ba64103099b7d629c9631c3552ded129\",\"name\":\"Christian Mertgen\",\"image\":{\"@type\":\"ImageObject\",\"inLanguage\":\"nl-NL\",\"@id\":\"https:\/\/www.apartments-meerzeit.de\/#\/schema\/person\/image\/\",\"url\":\"https:\/\/secure.gravatar.com\/avatar\/aa4e7bdcfac5b1dfcb0ed419030907da?s=96&d=mm&r=g\",\"contentUrl\":\"https:\/\/secure.gravatar.com\/avatar\/aa4e7bdcfac5b1dfcb0ed419030907da?s=96&d=mm&r=g\",\"caption\":\"Christian Mertgen\"},\"url\":\"https:\/\/www.apartments-meerzeit.de\/nl\/author\/christianm\/\"}]}<\/script>\n<!-- \/ Yoast SEO plugin. -->","yoast_head_json":{"title":"Kinderpaket | Apartments Meerzeit","robots":{"index":"index","follow":"follow","max-snippet":"max-snippet:-1","max-image-preview":"max-image-preview:large","max-video-preview":"max-video-preview:-1"},"canonical":"https:\/\/www.apartments-meerzeit.de\/nl\/heres-what-people-are-saying-about-rentals\/","og_locale":"nl_NL","og_type":"article","og_title":"Kinderpaket | Apartments Meerzeit","og_description":"Wir denken auch an die Kleinsten. Zus\u00e4tzlich zum Kinderbett inkl. Bettw\u00e4sche steht ein Hochstuhl und Kindergeschirr zur Verf\u00fcgung.","og_url":"https:\/\/www.apartments-meerzeit.de\/heres-what-people-are-saying-about-rentals\/","og_site_name":"Apartments Meerzeit","article_published_time":"2018-10-18T21:16:41+00:00","article_modified_time":"2020-09-08T07:28:12+00:00","og_image":[{"width":2560,"height":1707,"url":"https:\/\/www.apartments-meerzeit.de\/wp-content\/uploads\/2018\/10\/pexels-tatiana-syrikova-3933250-scaled.jpg","type":"image\/jpeg"}],"author":"Christian Mertgen","twitter_card":"summary_large_image","twitter_misc":{"Geschreven door":"Christian Mertgen"},"schema":{"@context":"https:\/\/schema.org","@graph":[{"@type":"Article","@id":"https:\/\/www.apartments-meerzeit.de\/heres-what-people-are-saying-about-rentals\/#article","isPartOf":{"@id":"https:\/\/www.apartments-meerzeit.de\/heres-what-people-are-saying-about-rentals\/"},"author":{"name":"Christian Mertgen","@id":"https:\/\/www.apartments-meerzeit.de\/#\/schema\/person\/ba64103099b7d629c9631c3552ded129"},"headline":"Kinderpaket","datePublished":"2018-10-18T21:16:41+00:00","dateModified":"2020-09-08T07:28:12+00:00","mainEntityOfPage":{"@id":"https:\/\/www.apartments-meerzeit.de\/heres-what-people-are-saying-about-rentals\/"},"wordCount":22,"commentCount":0,"publisher":{"@id":"https:\/\/www.apartments-meerzeit.de\/#organization"},"keywords":["Accomodations","Booking","Holidays","Rentals","Reservations"],"articleSection":["Geen onderdeel van een categorie"],"inLanguage":"nl-NL","potentialAction":[{"@type":"CommentAction","name":"Comment","target":["https:\/\/www.apartments-meerzeit.de\/heres-what-people-are-saying-about-rentals\/#respond"]}]},{"@type":"WebPage","@id":"https:\/\/www.apartments-meerzeit.de\/heres-what-people-are-saying-about-rentals\/","url":"https:\/\/www.apartments-meerzeit.de\/heres-what-people-are-saying-about-rentals\/","name":"Kinderpaket | Apartments Meerzeit","isPartOf":{"@id":"https:\/\/www.apartments-meerzeit.de\/#website"},"datePublished":"2018-10-18T21:16:41+00:00","dateModified":"2020-09-08T07:28:12+00:00","breadcrumb":{"@id":"https:\/\/www.apartments-meerzeit.de\/heres-what-people-are-saying-about-rentals\/#breadcrumb"},"inLanguage":"nl-NL","potentialAction":[{"@type":"ReadAction","target":["https:\/\/www.apartments-meerzeit.de\/heres-what-people-are-saying-about-rentals\/"]}]},{"@type":"BreadcrumbList","@id":"https:\/\/www.apartments-meerzeit.de\/heres-what-people-are-saying-about-rentals\/#breadcrumb","itemListElement":[{"@type":"ListItem","position":1,"name":"Startseite","item":"https:\/\/www.apartments-meerzeit.de\/nl\/"},{"@type":"ListItem","position":2,"name":"Kinderpaket"}]},{"@type":"WebSite","@id":"https:\/\/www.apartments-meerzeit.de\/#website","url":"https:\/\/www.apartments-meerzeit.de\/","name":"Apartments Meerzeit","description":"Ferienwohnungen am Timmendorfer Strand","publisher":{"@id":"https:\/\/www.apartments-meerzeit.de\/#organization"},"potentialAction":[{"@type":"SearchAction","target":{"@type":"EntryPoint","urlTemplate":"https:\/\/www.apartments-meerzeit.de\/?s={search_term_string}"},"query-input":"required name=search_term_string"}],"inLanguage":"nl-NL"},{"@type":"Organization","@id":"https:\/\/www.apartments-meerzeit.de\/#organization","name":"fewo timmendorfer strand","url":"https:\/\/www.apartments-meerzeit.de\/","logo":{"@type":"ImageObject","inLanguage":"nl-NL","@id":"https:\/\/www.apartments-meerzeit.de\/#\/schema\/logo\/image\/","url":"https:\/\/www.apartments-meerzeit.de\/wp-content\/uploads\/2021\/04\/Ap-Mehrzeit-klein-transparent.png","contentUrl":"https:\/\/www.apartments-meerzeit.de\/wp-content\/uploads\/2021\/04\/Ap-Mehrzeit-klein-transparent.png","width":208,"height":86,"caption":"fewo timmendorfer strand"},"image":{"@id":"https:\/\/www.apartments-meerzeit.de\/#\/schema\/logo\/image\/"}},{"@type":"Person","@id":"https:\/\/www.apartments-meerzeit.de\/#\/schema\/person\/ba64103099b7d629c9631c3552ded129","name":"Christian Mertgen","image":{"@type":"ImageObject","inLanguage":"nl-NL","@id":"https:\/\/www.apartments-meerzeit.de\/#\/schema\/person\/image\/","url":"https:\/\/secure.gravatar.com\/avatar\/aa4e7bdcfac5b1dfcb0ed419030907da?s=96&d=mm&r=g","contentUrl":"https:\/\/secure.gravatar.com\/avatar\/aa4e7bdcfac5b1dfcb0ed419030907da?s=96&d=mm&r=g","caption":"Christian Mertgen"},"url":"https:\/\/www.apartments-meerzeit.de\/nl\/author\/christianm\/"}]}},"_links":{"self":[{"href":"https:\/\/www.apartments-meerzeit.de\/nl\/wp-json\/wp\/v2\/posts\/594"}],"collection":[{"href":"https:\/\/www.apartments-meerzeit.de\/nl\/wp-json\/wp\/v2\/posts"}],"about":[{"href":"https:\/\/www.apartments-meerzeit.de\/nl\/wp-json\/wp\/v2\/types\/post"}],"author":[{"embeddable":true,"href":"https:\/\/www.apartments-meerzeit.de\/nl\/wp-json\/wp\/v2\/users\/6"}],"replies":[{"embeddable":true,"href":"https:\/\/www.apartments-meerzeit.de\/nl\/wp-json\/wp\/v2\/comments?post=594"}],"version-history":[{"count":2,"href":"https:\/\/www.apartments-meerzeit.de\/nl\/wp-json\/wp\/v2\/posts\/594\/revisions"}],"predecessor-version":[{"id":2048,"href":"https:\/\/www.apartments-meerzeit.de\/nl\/wp-json\/wp\/v2\/posts\/594\/revisions\/2048"}],"wp:featuredmedia":[{"embeddable":true,"href":"https:\/\/www.apartments-meerzeit.de\/nl\/wp-json\/wp\/v2\/media\/2047"}],"wp:attachment":[{"href":"https:\/\/www.apartments-meerzeit.de\/nl\/wp-json\/wp\/v2\/media?parent=594"}],"wp:term":[{"taxonomy":"category","embeddable":true,"href":"https:\/\/www.apartments-meerzeit.de\/nl\/wp-json\/wp\/v2\/categories?post=594"},{"taxonomy":"post_tag","embeddable":true,"href":"https:\/\/www.apartments-meerzeit.de\/nl\/wp-json\/wp\/v2\/tags?post=594"}],"curies":[{"name":"wp","href":"https:\/\/api.w.org\/{rel}","templated":true}]}}